{"id":20316,"date":"2023-07-04T11:57:06","date_gmt":"2023-07-04T11:57:06","guid":{"rendered":"https:\/\/visitviskovo.hr\/?p=20316"},"modified":"2023-07-04T11:57:08","modified_gmt":"2023-07-04T11:57:08","slug":"sommer-buerozeiten","status":"publish","type":"post","link":"https:\/\/visitviskovo.hr\/de\/nachrichten\/sommer-buerozeiten\/","title":{"rendered":"Sommer B\u00fcrozeiten"},"content":{"rendered":"\n<p id=\"tw-target-text\">Im Juli und August arbeitet der Tourismusverband der Gemeinde Vi\u0161kovo nach folgendem Zeitplan<\/p>\n\n\n\n<p><strong>01.07.-31.08.<\/strong><\/p>\n\n\n\n<p>Mon &#8211; Fre 8:00 &#8211; 16:00<\/p>\n\n\n\n<p>Sam:10:00 &#8211; 14:00<\/p>\n\n\n\n<p>Son: Geschlossen<\/p>\n","protected":false},"excerpt":{"rendered":"<p>Im Juli und August arbeitet der Tourismusverband der Gemeinde Vi\u0161kovo nach folgendem Zeitplan 01.07.-31.08. Mon &#8211; Fre 8:00 &#8211; 16:00 Sam:10:00 &#8211; 14:00 Son: Geschlossen<\/p>\n","protected":false},"author":4,"featured_media":19349,"comment_status":"open","ping_status":"open","sticky":false,"template":"","format":"standard","meta":{"_acf_changed":false,"footnotes":""},"categories":[44],"tags":[],"acf":[],"yoast_head":"<!-- This site is optimized with the Yoast SEO plugin v22.7 - https:\/\/yoast.com\/wordpress\/plugins\/seo\/ -->\n<title>Sommer B\u00fcrozeiten - Turisti\u010dka zajednica op\u0107ine Vi\u0161kovo<\/title>\n<meta name=\"robots\" content=\"index, follow, max-snippet:-1, max-image-preview:large, max-video-preview:-1\" \/>\n<link rel=\"canonical\" href=\"https:\/\/visitviskovo.hr\/de\/nachrichten\/sommer-buerozeiten\/\" \/>\n<meta property=\"og:locale\" content=\"de_DE\" \/>\n<meta property=\"og:type\" content=\"article\" \/>\n<meta property=\"og:title\" content=\"Sommer B\u00fcrozeiten - Turisti\u010dka zajednica op\u0107ine Vi\u0161kovo\" \/>\n<meta property=\"og:description\" content=\"Im Juli und August arbeitet der Tourismusverband der Gemeinde Vi\u0161kovo nach folgendem Zeitplan 01.07.-31.08. Mon &#8211; Fre 8:00 &#8211; 16:00 Sam:10:00 &#8211; 14:00 Son: Geschlossen\" \/>\n<meta property=\"og:url\" content=\"https:\/\/visitviskovo.hr\/de\/nachrichten\/sommer-buerozeiten\/\" \/>\n<meta property=\"og:site_name\" content=\"Turisti\u010dka zajednica op\u0107ine Vi\u0161kovo\" \/>\n<meta property=\"article:publisher\" content=\"https:\/\/web.facebook.com\/VisitViskovo\" \/>\n<meta property=\"article:published_time\" content=\"2023-07-04T11:57:06+00:00\" \/>\n<meta property=\"article:modified_time\" content=\"2023-07-04T11:57:08+00:00\" \/>\n<meta property=\"og:image\" content=\"https:\/\/visitviskovo.hr\/wp-content\/uploads\/2022\/11\/cropped-logo.jpg\" \/>\n\t<meta property=\"og:image:width\" content=\"512\" \/>\n\t<meta property=\"og:image:height\" content=\"512\" \/>\n\t<meta property=\"og:image:type\" content=\"image\/jpeg\" \/>\n<meta name=\"author\" content=\"TZ Vi\u0161kovo\" \/>\n<meta name=\"twitter:card\" content=\"summary_large_image\" \/>\n<meta name=\"twitter:label1\" content=\"Verfasst von\" \/>\n\t<meta name=\"twitter:data1\" content=\"TZ Vi\u0161kovo\" \/>\n\t<meta name=\"twitter:label2\" content=\"Gesch\u00e4tzte Lesezeit\" \/>\n\t<meta name=\"twitter:data2\" content=\"1 Minute\" \/>\n<script type=\"application\/ld+json\" class=\"yoast-schema-graph\">{\"@context\":\"https:\/\/schema.org\",\"@graph\":[{\"@type\":\"WebPage\",\"@id\":\"https:\/\/visitviskovo.hr\/de\/nachrichten\/sommer-buerozeiten\/\",\"url\":\"https:\/\/visitviskovo.hr\/de\/nachrichten\/sommer-buerozeiten\/\",\"name\":\"Sommer B\u00fcrozeiten - Turisti\u010dka zajednica op\u0107ine Vi\u0161kovo\",\"isPartOf\":{\"@id\":\"https:\/\/visitviskovo.hr\/it\/#website\"},\"primaryImageOfPage\":{\"@id\":\"https:\/\/visitviskovo.hr\/de\/nachrichten\/sommer-buerozeiten\/#primaryimage\"},\"image\":{\"@id\":\"https:\/\/visitviskovo.hr\/de\/nachrichten\/sommer-buerozeiten\/#primaryimage\"},\"thumbnailUrl\":\"https:\/\/visitviskovo.hr\/wp-content\/uploads\/2022\/11\/cropped-logo.jpg\",\"datePublished\":\"2023-07-04T11:57:06+00:00\",\"dateModified\":\"2023-07-04T11:57:08+00:00\",\"author\":{\"@id\":\"https:\/\/visitviskovo.hr\/it\/#\/schema\/person\/55689d0c2d236d820aa17cc7c130b8de\"},\"breadcrumb\":{\"@id\":\"https:\/\/visitviskovo.hr\/de\/nachrichten\/sommer-buerozeiten\/#breadcrumb\"},\"inLanguage\":\"de-DE\",\"potentialAction\":[{\"@type\":\"ReadAction\",\"target\":[\"https:\/\/visitviskovo.hr\/de\/nachrichten\/sommer-buerozeiten\/\"]}]},{\"@type\":\"ImageObject\",\"inLanguage\":\"de-DE\",\"@id\":\"https:\/\/visitviskovo.hr\/de\/nachrichten\/sommer-buerozeiten\/#primaryimage\",\"url\":\"https:\/\/visitviskovo.hr\/wp-content\/uploads\/2022\/11\/cropped-logo.jpg\",\"contentUrl\":\"https:\/\/visitviskovo.hr\/wp-content\/uploads\/2022\/11\/cropped-logo.jpg\",\"width\":512,\"height\":512},{\"@type\":\"BreadcrumbList\",\"@id\":\"https:\/\/visitviskovo.hr\/de\/nachrichten\/sommer-buerozeiten\/#breadcrumb\",\"itemListElement\":[{\"@type\":\"ListItem\",\"position\":1,\"name\":\"Home\",\"item\":\"https:\/\/visitviskovo.hr\/de\/\"},{\"@type\":\"ListItem\",\"position\":2,\"name\":\"Sommer B\u00fcrozeiten\"}]},{\"@type\":\"WebSite\",\"@id\":\"https:\/\/visitviskovo.hr\/it\/#website\",\"url\":\"https:\/\/visitviskovo.hr\/it\/\",\"name\":\"Turisti\u010dka zajednica op\u0107ine Vi\u0161kovo\",\"description\":\"\",\"potentialAction\":[{\"@type\":\"SearchAction\",\"target\":{\"@type\":\"EntryPoint\",\"urlTemplate\":\"https:\/\/visitviskovo.hr\/it\/?s={search_term_string}\"},\"query-input\":\"required name=search_term_string\"}],\"inLanguage\":\"de-DE\"},{\"@type\":\"Person\",\"@id\":\"https:\/\/visitviskovo.hr\/it\/#\/schema\/person\/55689d0c2d236d820aa17cc7c130b8de\",\"name\":\"TZ Vi\u0161kovo\",\"image\":{\"@type\":\"ImageObject\",\"inLanguage\":\"de-DE\",\"@id\":\"https:\/\/visitviskovo.hr\/it\/#\/schema\/person\/image\/\",\"url\":\"https:\/\/secure.gravatar.com\/avatar\/ec694b64453580868c024973ba4a748e?s=96&d=mm&r=g\",\"contentUrl\":\"https:\/\/secure.gravatar.com\/avatar\/ec694b64453580868c024973ba4a748e?s=96&d=mm&r=g\",\"caption\":\"TZ Vi\u0161kovo\"},\"url\":\"https:\/\/visitviskovo.hr\/de\/author\/tzviskovo\/\"}]}<\/script>\n<!-- \/ Yoast SEO plugin. -->","yoast_head_json":{"title":"Sommer B\u00fcrozeiten - Turisti\u010dka zajednica op\u0107ine Vi\u0161kovo","robots":{"index":"index","follow":"follow","max-snippet":"max-snippet:-1","max-image-preview":"max-image-preview:large","max-video-preview":"max-video-preview:-1"},"canonical":"https:\/\/visitviskovo.hr\/de\/nachrichten\/sommer-buerozeiten\/","og_locale":"de_DE","og_type":"article","og_title":"Sommer B\u00fcrozeiten - Turisti\u010dka zajednica op\u0107ine Vi\u0161kovo","og_description":"Im Juli und August arbeitet der Tourismusverband der Gemeinde Vi\u0161kovo nach folgendem Zeitplan 01.07.-31.08. Mon &#8211; Fre 8:00 &#8211; 16:00 Sam:10:00 &#8211; 14:00 Son: Geschlossen","og_url":"https:\/\/visitviskovo.hr\/de\/nachrichten\/sommer-buerozeiten\/","og_site_name":"Turisti\u010dka zajednica op\u0107ine Vi\u0161kovo","article_publisher":"https:\/\/web.facebook.com\/VisitViskovo","article_published_time":"2023-07-04T11:57:06+00:00","article_modified_time":"2023-07-04T11:57:08+00:00","og_image":[{"width":512,"height":512,"url":"https:\/\/visitviskovo.hr\/wp-content\/uploads\/2022\/11\/cropped-logo.jpg","type":"image\/jpeg"}],"author":"TZ Vi\u0161kovo","twitter_card":"summary_large_image","twitter_misc":{"Verfasst von":"TZ Vi\u0161kovo","Gesch\u00e4tzte Lesezeit":"1 Minute"},"schema":{"@context":"https:\/\/schema.org","@graph":[{"@type":"WebPage","@id":"https:\/\/visitviskovo.hr\/de\/nachrichten\/sommer-buerozeiten\/","url":"https:\/\/visitviskovo.hr\/de\/nachrichten\/sommer-buerozeiten\/","name":"Sommer B\u00fcrozeiten - Turisti\u010dka zajednica op\u0107ine Vi\u0161kovo","isPartOf":{"@id":"https:\/\/visitviskovo.hr\/it\/#website"},"primaryImageOfPage":{"@id":"https:\/\/visitviskovo.hr\/de\/nachrichten\/sommer-buerozeiten\/#primaryimage"},"image":{"@id":"https:\/\/visitviskovo.hr\/de\/nachrichten\/sommer-buerozeiten\/#primaryimage"},"thumbnailUrl":"https:\/\/visitviskovo.hr\/wp-content\/uploads\/2022\/11\/cropped-logo.jpg","datePublished":"2023-07-04T11:57:06+00:00","dateModified":"2023-07-04T11:57:08+00:00","author":{"@id":"https:\/\/visitviskovo.hr\/it\/#\/schema\/person\/55689d0c2d236d820aa17cc7c130b8de"},"breadcrumb":{"@id":"https:\/\/visitviskovo.hr\/de\/nachrichten\/sommer-buerozeiten\/#breadcrumb"},"inLanguage":"de-DE","potentialAction":[{"@type":"ReadAction","target":["https:\/\/visitviskovo.hr\/de\/nachrichten\/sommer-buerozeiten\/"]}]},{"@type":"ImageObject","inLanguage":"de-DE","@id":"https:\/\/visitviskovo.hr\/de\/nachrichten\/sommer-buerozeiten\/#primaryimage","url":"https:\/\/visitviskovo.hr\/wp-content\/uploads\/2022\/11\/cropped-logo.jpg","contentUrl":"https:\/\/visitviskovo.hr\/wp-content\/uploads\/2022\/11\/cropped-logo.jpg","width":512,"height":512},{"@type":"BreadcrumbList","@id":"https:\/\/visitviskovo.hr\/de\/nachrichten\/sommer-buerozeiten\/#breadcrumb","itemListElement":[{"@type":"ListItem","position":1,"name":"Home","item":"https:\/\/visitviskovo.hr\/de\/"},{"@type":"ListItem","position":2,"name":"Sommer B\u00fcrozeiten"}]},{"@type":"WebSite","@id":"https:\/\/visitviskovo.hr\/it\/#website","url":"https:\/\/visitviskovo.hr\/it\/","name":"Turisti\u010dka zajednica op\u0107ine Vi\u0161kovo","description":"","potentialAction":[{"@type":"SearchAction","target":{"@type":"EntryPoint","urlTemplate":"https:\/\/visitviskovo.hr\/it\/?s={search_term_string}"},"query-input":"required name=search_term_string"}],"inLanguage":"de-DE"},{"@type":"Person","@id":"https:\/\/visitviskovo.hr\/it\/#\/schema\/person\/55689d0c2d236d820aa17cc7c130b8de","name":"TZ Vi\u0161kovo","image":{"@type":"ImageObject","inLanguage":"de-DE","@id":"https:\/\/visitviskovo.hr\/it\/#\/schema\/person\/image\/","url":"https:\/\/secure.gravatar.com\/avatar\/ec694b64453580868c024973ba4a748e?s=96&d=mm&r=g","contentUrl":"https:\/\/secure.gravatar.com\/avatar\/ec694b64453580868c024973ba4a748e?s=96&d=mm&r=g","caption":"TZ Vi\u0161kovo"},"url":"https:\/\/visitviskovo.hr\/de\/author\/tzviskovo\/"}]}},"_links":{"self":[{"href":"https:\/\/visitviskovo.hr\/de\/wp-json\/wp\/v2\/posts\/20316"}],"collection":[{"href":"https:\/\/visitviskovo.hr\/de\/wp-json\/wp\/v2\/posts"}],"about":[{"href":"https:\/\/visitviskovo.hr\/de\/wp-json\/wp\/v2\/types\/post"}],"author":[{"embeddable":true,"href":"https:\/\/visitviskovo.hr\/de\/wp-json\/wp\/v2\/users\/4"}],"replies":[{"embeddable":true,"href":"https:\/\/visitviskovo.hr\/de\/wp-json\/wp\/v2\/comments?post=20316"}],"version-history":[{"count":1,"href":"https:\/\/visitviskovo.hr\/de\/wp-json\/wp\/v2\/posts\/20316\/revisions"}],"predecessor-version":[{"id":20321,"href":"https:\/\/visitviskovo.hr\/de\/wp-json\/wp\/v2\/posts\/20316\/revisions\/20321"}],"wp:featuredmedia":[{"embeddable":true,"href":"https:\/\/visitviskovo.hr\/de\/wp-json\/wp\/v2\/media\/19349"}],"wp:attachment":[{"href":"https:\/\/visitviskovo.hr\/de\/wp-json\/wp\/v2\/media?parent=20316"}],"wp:term":[{"taxonomy":"category","embeddable":true,"href":"https:\/\/visitviskovo.hr\/de\/wp-json\/wp\/v2\/categories?post=20316"},{"taxonomy":"post_tag","embeddable":true,"href":"https:\/\/visitviskovo.hr\/de\/wp-json\/wp\/v2\/tags?post=20316"}],"curies":[{"name":"wp","href":"https:\/\/api.w.org\/{rel}","templated":true}]}}